{"id":1347,"date":"2021-11-24T00:53:56","date_gmt":"2021-11-24T00:53:56","guid":{"rendered":"https:\/\/jednosceuropejska.org\/?p=1347"},"modified":"2021-11-25T01:55:41","modified_gmt":"2021-11-25T01:55:41","slug":"lekcje-europejskosci","status":"publish","type":"post","link":"https:\/\/jednosceuropejska.org\/index.php\/2021\/11\/24\/lekcje-europejskosci\/","title":{"rendered":"Lekcje europejsko\u015bci"},"content":{"rendered":"\n<p>Podstaw\u0105 integracji, o ile nie patrze\u0107 na Uni\u0119, jako wytw\u00f3r chwilowy, kt\u00f3ry wyl\u0105duje na \u015bmietniku historii, powinno by\u0107 budowanie to\u017csamo\u015bci europejskiej, szczeg\u00f3lnie u przysz\u0142ych pokole\u0144. To jest do zrobienia ju\u017c teraz. Jednym z pierwszych krok\u00f3w mo\u017ce by\u0107 wdro\u017cenie przedmiotu o historii i funkcjonowaniu Unii, realizowanego z jednolitej podstawy programowej, niezale\u017cnej od wszelkich -izm\u00f3w. Po ustaleniu przez unijn\u0105 rad\u0119 eksperck\u0105, powinien on przedstawia\u0107 histori\u0119\/Uni\u0119 poprzez pryzmat podobie\u0144stw i kompromis\u00f3w, a nie dziel\u0105cych r\u00f3\u017cnic. To zapewni, nawet nie\u015bwiadomie, zakodowanie pewnych &#8222;mem\u00f3w&#8221; w umys\u0142ach naszych potomk\u00f3w&#8230; Dodaj\u0105c kolejne godziny historii lokalnej (polskiej, niemieckiej, francuskiej czy innej) raczej nie osi\u0105gniemy porozumienia. Wiemy, \u017ce ustalenie wsp\u00f3lnego programu jest trudne, ale Unia ju\u017c tak wiele osi\u0105gn\u0119\u0142a, ba m\u00f3wi si\u0119, \u017ce to g\u0142\u00f3wnie dzi\u0119ki &#8211; &#8222;soft power&#8221; &#8211; sztuce rozmowy i kompromis\u00f3w&#8230;  <\/p>\n\n\n\n<p>[Wi\u0119cej m.in &#8211; kafel edukacja]<\/p>\n","protected":false},"excerpt":{"rendered":"<p>Podstaw\u0105 integracji, o ile nie patrze\u0107 na Uni\u0119, jako wytw\u00f3r chwilowy, kt\u00f3ry wyl\u0105duje na \u015bmietniku historii, powinno by\u0107 budowanie to\u017csamo\u015bci europejskiej, szczeg\u00f3lnie u przysz\u0142ych pokole\u0144. To jest do zrobienia ju\u017c teraz. Jednym z pierwszych krok\u00f3w mo\u017ce by\u0107 wdro\u017cenie przedmiotu o historii i funkcjonowaniu Unii, realizowanego z jednolitej podstawy programowej, niezale\u017cnej od wszelkich -izm\u00f3w. Po ustaleniu [&hellip;]<\/p>\n","protected":false},"author":2,"featured_media":0,"comment_status":"open","ping_status":"closed","sticky":false,"template":"","format":"standard","meta":{"_et_pb_use_builder":"off","_et_pb_old_content":"","_et_gb_content_width":"1080","footnotes":""},"categories":[8],"tags":[],"class_list":["post-1347","post","type-post","status-publish","format-standard","hentry","category-problemy"],"yoast_head":"<!-- This site is optimized with the Yoast SEO plugin v17.7.1 - https:\/\/yoast.com\/wordpress\/plugins\/seo\/ -->\n<title>Lekcje europejsko\u015bci - EUM<\/title>\n<meta name=\"robots\" content=\"index, follow, max-snippet:-1, max-image-preview:large, max-video-preview:-1\" \/>\n<link rel=\"canonical\" href=\"https:\/\/jednosceuropejska.org\/index.php\/2021\/11\/24\/lekcje-europejskosci\/\" \/>\n<meta property=\"og:locale\" content=\"pl_PL\" \/>\n<meta property=\"og:type\" content=\"article\" \/>\n<meta property=\"og:title\" content=\"Lekcje europejsko\u015bci - EUM\" \/>\n<meta property=\"og:description\" content=\"Podstaw\u0105 integracji, o ile nie patrze\u0107 na Uni\u0119, jako wytw\u00f3r chwilowy, kt\u00f3ry wyl\u0105duje na \u015bmietniku historii, powinno by\u0107 budowanie to\u017csamo\u015bci europejskiej, szczeg\u00f3lnie u przysz\u0142ych pokole\u0144. To jest do zrobienia ju\u017c teraz. Jednym z pierwszych krok\u00f3w mo\u017ce by\u0107 wdro\u017cenie przedmiotu o historii i funkcjonowaniu Unii, realizowanego z jednolitej podstawy programowej, niezale\u017cnej od wszelkich -izm\u00f3w. Po ustaleniu [&hellip;]\" \/>\n<meta property=\"og:url\" content=\"https:\/\/jednosceuropejska.org\/index.php\/2021\/11\/24\/lekcje-europejskosci\/\" \/>\n<meta property=\"og:site_name\" content=\"EUM\" \/>\n<meta property=\"article:published_time\" content=\"2021-11-24T00:53:56+00:00\" \/>\n<meta property=\"article:modified_time\" content=\"2021-11-25T01:55:41+00:00\" \/>\n<meta name=\"twitter:card\" content=\"summary_large_image\" \/>\n<meta name=\"twitter:label1\" content=\"Napisane przez\" \/>\n\t<meta name=\"twitter:data1\" content=\"deip\" \/>\n\t<meta name=\"twitter:label2\" content=\"Szacowany czas czytania\" \/>\n\t<meta name=\"twitter:data2\" content=\"1 minuta\" \/>\n<script type=\"application\/ld+json\" class=\"yoast-schema-graph\">{\"@context\":\"https:\/\/schema.org\",\"@graph\":[{\"@type\":\"WebSite\",\"@id\":\"https:\/\/jednosceuropejska.org\/#website\",\"url\":\"https:\/\/jednosceuropejska.org\/\",\"name\":\"EUM\",\"description\":\"European Unity Movement\",\"potentialAction\":[{\"@type\":\"SearchAction\",\"target\":{\"@type\":\"EntryPoint\",\"urlTemplate\":\"https:\/\/jednosceuropejska.org\/?s={search_term_string}\"},\"query-input\":\"required name=search_term_string\"}],\"inLanguage\":\"pl-PL\"},{\"@type\":\"WebPage\",\"@id\":\"https:\/\/jednosceuropejska.org\/index.php\/2021\/11\/24\/lekcje-europejskosci\/#webpage\",\"url\":\"https:\/\/jednosceuropejska.org\/index.php\/2021\/11\/24\/lekcje-europejskosci\/\",\"name\":\"Lekcje europejsko\\u015bci - EUM\",\"isPartOf\":{\"@id\":\"https:\/\/jednosceuropejska.org\/#website\"},\"datePublished\":\"2021-11-24T00:53:56+00:00\",\"dateModified\":\"2021-11-25T01:55:41+00:00\",\"author\":{\"@id\":\"https:\/\/jednosceuropejska.org\/#\/schema\/person\/c21b4b83b85ed2e962ed749c5fa12b75\"},\"breadcrumb\":{\"@id\":\"https:\/\/jednosceuropejska.org\/index.php\/2021\/11\/24\/lekcje-europejskosci\/#breadcrumb\"},\"inLanguage\":\"pl-PL\",\"potentialAction\":[{\"@type\":\"ReadAction\",\"target\":[\"https:\/\/jednosceuropejska.org\/index.php\/2021\/11\/24\/lekcje-europejskosci\/\"]}]},{\"@type\":\"BreadcrumbList\",\"@id\":\"https:\/\/jednosceuropejska.org\/index.php\/2021\/11\/24\/lekcje-europejskosci\/#breadcrumb\",\"itemListElement\":[{\"@type\":\"ListItem\",\"position\":1,\"name\":\"Strona g\\u0142\\u00f3wna\",\"item\":\"https:\/\/jednosceuropejska.org\/\"},{\"@type\":\"ListItem\",\"position\":2,\"name\":\"Lekcje europejsko\\u015bci\"}]},{\"@type\":\"Person\",\"@id\":\"https:\/\/jednosceuropejska.org\/#\/schema\/person\/c21b4b83b85ed2e962ed749c5fa12b75\",\"name\":\"deip\",\"image\":{\"@type\":\"ImageObject\",\"@id\":\"https:\/\/jednosceuropejska.org\/#personlogo\",\"inLanguage\":\"pl-PL\",\"url\":\"https:\/\/secure.gravatar.com\/avatar\/a3c7191fa9a2e0e499af9c2f9995d9f186be16247db24609592af795371634f0?s=96&d=mm&r=g\",\"contentUrl\":\"https:\/\/secure.gravatar.com\/avatar\/a3c7191fa9a2e0e499af9c2f9995d9f186be16247db24609592af795371634f0?s=96&d=mm&r=g\",\"caption\":\"deip\"},\"url\":\"https:\/\/jednosceuropejska.org\/index.php\/author\/deip\/\"}]}<\/script>\n<!-- \/ Yoast SEO plugin. -->","yoast_head_json":{"title":"Lekcje europejsko\u015bci - EUM","robots":{"index":"index","follow":"follow","max-snippet":"max-snippet:-1","max-image-preview":"max-image-preview:large","max-video-preview":"max-video-preview:-1"},"canonical":"https:\/\/jednosceuropejska.org\/index.php\/2021\/11\/24\/lekcje-europejskosci\/","og_locale":"pl_PL","og_type":"article","og_title":"Lekcje europejsko\u015bci - EUM","og_description":"Podstaw\u0105 integracji, o ile nie patrze\u0107 na Uni\u0119, jako wytw\u00f3r chwilowy, kt\u00f3ry wyl\u0105duje na \u015bmietniku historii, powinno by\u0107 budowanie to\u017csamo\u015bci europejskiej, szczeg\u00f3lnie u przysz\u0142ych pokole\u0144. To jest do zrobienia ju\u017c teraz. Jednym z pierwszych krok\u00f3w mo\u017ce by\u0107 wdro\u017cenie przedmiotu o historii i funkcjonowaniu Unii, realizowanego z jednolitej podstawy programowej, niezale\u017cnej od wszelkich -izm\u00f3w. Po ustaleniu [&hellip;]","og_url":"https:\/\/jednosceuropejska.org\/index.php\/2021\/11\/24\/lekcje-europejskosci\/","og_site_name":"EUM","article_published_time":"2021-11-24T00:53:56+00:00","article_modified_time":"2021-11-25T01:55:41+00:00","twitter_card":"summary_large_image","twitter_misc":{"Napisane przez":"deip","Szacowany czas czytania":"1 minuta"},"schema":{"@context":"https:\/\/schema.org","@graph":[{"@type":"WebSite","@id":"https:\/\/jednosceuropejska.org\/#website","url":"https:\/\/jednosceuropejska.org\/","name":"EUM","description":"European Unity Movement","potentialAction":[{"@type":"SearchAction","target":{"@type":"EntryPoint","urlTemplate":"https:\/\/jednosceuropejska.org\/?s={search_term_string}"},"query-input":"required name=search_term_string"}],"inLanguage":"pl-PL"},{"@type":"WebPage","@id":"https:\/\/jednosceuropejska.org\/index.php\/2021\/11\/24\/lekcje-europejskosci\/#webpage","url":"https:\/\/jednosceuropejska.org\/index.php\/2021\/11\/24\/lekcje-europejskosci\/","name":"Lekcje europejsko\u015bci - EUM","isPartOf":{"@id":"https:\/\/jednosceuropejska.org\/#website"},"datePublished":"2021-11-24T00:53:56+00:00","dateModified":"2021-11-25T01:55:41+00:00","author":{"@id":"https:\/\/jednosceuropejska.org\/#\/schema\/person\/c21b4b83b85ed2e962ed749c5fa12b75"},"breadcrumb":{"@id":"https:\/\/jednosceuropejska.org\/index.php\/2021\/11\/24\/lekcje-europejskosci\/#breadcrumb"},"inLanguage":"pl-PL","potentialAction":[{"@type":"ReadAction","target":["https:\/\/jednosceuropejska.org\/index.php\/2021\/11\/24\/lekcje-europejskosci\/"]}]},{"@type":"BreadcrumbList","@id":"https:\/\/jednosceuropejska.org\/index.php\/2021\/11\/24\/lekcje-europejskosci\/#breadcrumb","itemListElement":[{"@type":"ListItem","position":1,"name":"Strona g\u0142\u00f3wna","item":"https:\/\/jednosceuropejska.org\/"},{"@type":"ListItem","position":2,"name":"Lekcje europejsko\u015bci"}]},{"@type":"Person","@id":"https:\/\/jednosceuropejska.org\/#\/schema\/person\/c21b4b83b85ed2e962ed749c5fa12b75","name":"deip","image":{"@type":"ImageObject","@id":"https:\/\/jednosceuropejska.org\/#personlogo","inLanguage":"pl-PL","url":"https:\/\/secure.gravatar.com\/avatar\/a3c7191fa9a2e0e499af9c2f9995d9f186be16247db24609592af795371634f0?s=96&d=mm&r=g","contentUrl":"https:\/\/secure.gravatar.com\/avatar\/a3c7191fa9a2e0e499af9c2f9995d9f186be16247db24609592af795371634f0?s=96&d=mm&r=g","caption":"deip"},"url":"https:\/\/jednosceuropejska.org\/index.php\/author\/deip\/"}]}},"_links":{"self":[{"href":"https:\/\/jednosceuropejska.org\/index.php\/wp-json\/wp\/v2\/posts\/1347","targetHints":{"allow":["GET"]}}],"collection":[{"href":"https:\/\/jednosceuropejska.org\/index.php\/wp-json\/wp\/v2\/posts"}],"about":[{"href":"https:\/\/jednosceuropejska.org\/index.php\/wp-json\/wp\/v2\/types\/post"}],"author":[{"embeddable":true,"href":"https:\/\/jednosceuropejska.org\/index.php\/wp-json\/wp\/v2\/users\/2"}],"replies":[{"embeddable":true,"href":"https:\/\/jednosceuropejska.org\/index.php\/wp-json\/wp\/v2\/comments?post=1347"}],"version-history":[{"count":1,"href":"https:\/\/jednosceuropejska.org\/index.php\/wp-json\/wp\/v2\/posts\/1347\/revisions"}],"predecessor-version":[{"id":1348,"href":"https:\/\/jednosceuropejska.org\/index.php\/wp-json\/wp\/v2\/posts\/1347\/revisions\/1348"}],"wp:attachment":[{"href":"https:\/\/jednosceuropejska.org\/index.php\/wp-json\/wp\/v2\/media?parent=1347"}],"wp:term":[{"taxonomy":"category","embeddable":true,"href":"https:\/\/jednosceuropejska.org\/index.php\/wp-json\/wp\/v2\/categories?post=1347"},{"taxonomy":"post_tag","embeddable":true,"href":"https:\/\/jednosceuropejska.org\/index.php\/wp-json\/wp\/v2\/tags?post=1347"}],"curies":[{"name":"wp","href":"https:\/\/api.w.org\/{rel}","templated":true}]}}